{"id":1512,"date":"2002-05-01T12:05:00","date_gmt":"2002-05-01T10:05:00","guid":{"rendered":"https:\/\/der-arzneimittelbrief.com\/artikel\/2002\/leserbrief-ornipressin-in-lokalanaesthetika"},"modified":"2002-05-01T12:05:00","modified_gmt":"2002-05-01T10:05:00","slug":"leserbrief-ornipressin-in-lokalanaesthetika","status":"publish","type":"post","link":"https:\/\/der-arzneimittelbrief.com\/artikel\/2002\/leserbrief-ornipressin-in-lokalanaesthetika","title":{"rendered":"Leserbrief: Ornipressin in Lokalan\u00e4sthetika"},"content":{"rendered":"<p>Frage von Dr. W.K. aus Sinsheim: >> Gibt es ein \u00c4quivalenzpr\u00e4parat f\u00fcr Ornipressin, das &#8211; abgesehen von Katecholaminen &#8211; als Additivum zur Lokalan\u00e4sthesie geeignet ist? Durch Verz\u00f6gerung der lokalen Resorption k\u00f6nnen Vasopressoren die Wirkdauer von Lokalan\u00e4sthetika verl\u00e4ngern und die Toxizit\u00e4t reduzieren. Ornipressin bzw. POR 8 ist ein synthetisches Vasopressin, das h\u00e4ufig als Vasopressorzusatz f\u00fcr Lokalan\u00e4sthetika [&hellip;]<\/p>\n","protected":false},"excerpt":{"rendered":"<p>Frage von Dr. W.K. aus Sinsheim: >> Gibt es ein \u00c4quivalenzpr\u00e4parat f\u00fcr Ornipressin, das &#8211; abgesehen von Katecholaminen &#8211; als Additivum zur Lokalan\u00e4sthesie geeignet ist? Durch Verz\u00f6gerung der lokalen Resorption k\u00f6nnen Vasopressoren die Wirkdauer von Lokalan\u00e4sthetika verl\u00e4ngern und die Toxizit\u00e4t reduzieren. Ornipressin bzw. POR 8 ist ein synthetisches Vasopressin, das h\u00e4ufig als Vasopressorzusatz f\u00fcr Lokalan\u00e4sthetika [&hellip;]<\/p>\n","protected":false},"author":1,"featured_media":0,"comment_status":"closed","ping_status":"closed","sticky":false,"template":"","format":"standard","meta":{"footnotes":""},"categories":[1],"tags":[837,836,3537,3540,3539,3541,3538],"class_list":["post-1512","post","type-post","status-publish","format-standard","hentry","category-allgemein","tag-adrenalin","tag-epinephrin","tag-felypressin","tag-lokalanaesthetika","tag-ornipressin","tag-phenylephrin","tag-por-8"],"_links":{"self":[{"href":"https:\/\/der-arzneimittelbrief.com\/api\/wp\/v2\/posts\/1512","targetHints":{"allow":["GET"]}}],"collection":[{"href":"https:\/\/der-arzneimittelbrief.com\/api\/wp\/v2\/posts"}],"about":[{"href":"https:\/\/der-arzneimittelbrief.com\/api\/wp\/v2\/types\/post"}],"author":[{"embeddable":true,"href":"https:\/\/der-arzneimittelbrief.com\/api\/wp\/v2\/users\/1"}],"replies":[{"embeddable":true,"href":"https:\/\/der-arzneimittelbrief.com\/api\/wp\/v2\/comments?post=1512"}],"version-history":[{"count":0,"href":"https:\/\/der-arzneimittelbrief.com\/api\/wp\/v2\/posts\/1512\/revisions"}],"wp:attachment":[{"href":"https:\/\/der-arzneimittelbrief.com\/api\/wp\/v2\/media?parent=1512"}],"wp:term":[{"taxonomy":"category","embeddable":true,"href":"https:\/\/der-arzneimittelbrief.com\/api\/wp\/v2\/categories?post=1512"},{"taxonomy":"post_tag","embeddable":true,"href":"https:\/\/der-arzneimittelbrief.com\/api\/wp\/v2\/tags?post=1512"}],"curies":[{"name":"wp","href":"https:\/\/api.w.org\/{rel}","templated":true}]}}