{"id":2483,"date":"2017-06-01T12:06:00","date_gmt":"2017-06-01T10:06:00","guid":{"rendered":"https:\/\/der-arzneimittelbrief.com\/artikel\/2017\/in-eigener-sache-8"},"modified":"2017-06-01T12:06:00","modified_gmt":"2017-06-01T10:06:00","slug":"in-eigener-sache-8","status":"publish","type":"post","link":"https:\/\/der-arzneimittelbrief.com\/artikel\/2017\/in-eigener-sache-8","title":{"rendered":"In eigener Sache"},"content":{"rendered":"<p>Herr Prof. Dr. Wolf-Dieter Ludwig, Mitherausgeber unserer Zeitschrift DER ARZNEIMITTELBRIEF und Vorsitzender der Arzneimittelkommission der deutschen \u00c4rzteschaft, hat im Mai dieses Jahres die Ehrennadel des Bundesverbandes Deutscher Krankenhausapotheker (ADKA) erhalten f\u00fcr besondere Verdienste um die Krankenhauspharmazie. Mit dieser Ehrung sollen die Leistungen von Prof. Ludwig f\u00fcr die Arzneimitteltherapiesicherheit gew\u00fcrdigt werden ebenso wie seine Unterst\u00fctzung &#8222;der [&hellip;]<\/p>\n","protected":false},"excerpt":{"rendered":"<p>Herr Prof. Dr. Wolf-Dieter Ludwig, Mitherausgeber unserer Zeitschrift DER ARZNEIMITTELBRIEF und Vorsitzender der Arzneimittelkommission der deutschen \u00c4rzteschaft, hat im Mai dieses Jahres die Ehrennadel des Bundesverbandes Deutscher Krankenhausapotheker (ADKA) erhalten f\u00fcr besondere Verdienste um die Krankenhauspharmazie. Mit dieser Ehrung sollen die Leistungen von Prof. Ludwig f\u00fcr die Arzneimitteltherapiesicherheit gew\u00fcrdigt werden ebenso wie seine Unterst\u00fctzung &#8222;der [&hellip;]<\/p>\n","protected":false},"author":1,"featured_media":0,"comment_status":"closed","ping_status":"closed","sticky":false,"template":"","format":"standard","meta":{"footnotes":""},"categories":[1],"tags":[4890,4891,4475],"class_list":["post-2483","post","type-post","status-publish","format-standard","hentry","category-allgemein","tag-adka","tag-bundesverband-deutscher-krankenhausapotheker","tag-prof-dr-w-d-ludwig"],"_links":{"self":[{"href":"https:\/\/der-arzneimittelbrief.com\/api\/wp\/v2\/posts\/2483","targetHints":{"allow":["GET"]}}],"collection":[{"href":"https:\/\/der-arzneimittelbrief.com\/api\/wp\/v2\/posts"}],"about":[{"href":"https:\/\/der-arzneimittelbrief.com\/api\/wp\/v2\/types\/post"}],"author":[{"embeddable":true,"href":"https:\/\/der-arzneimittelbrief.com\/api\/wp\/v2\/users\/1"}],"replies":[{"embeddable":true,"href":"https:\/\/der-arzneimittelbrief.com\/api\/wp\/v2\/comments?post=2483"}],"version-history":[{"count":0,"href":"https:\/\/der-arzneimittelbrief.com\/api\/wp\/v2\/posts\/2483\/revisions"}],"wp:attachment":[{"href":"https:\/\/der-arzneimittelbrief.com\/api\/wp\/v2\/media?parent=2483"}],"wp:term":[{"taxonomy":"category","embeddable":true,"href":"https:\/\/der-arzneimittelbrief.com\/api\/wp\/v2\/categories?post=2483"},{"taxonomy":"post_tag","embeddable":true,"href":"https:\/\/der-arzneimittelbrief.com\/api\/wp\/v2\/tags?post=2483"}],"curies":[{"name":"wp","href":"https:\/\/api.w.org\/{rel}","templated":true}]}}