{"id":2779,"date":"2020-10-01T12:02:00","date_gmt":"2020-10-01T10:02:00","guid":{"rendered":"https:\/\/der-arzneimittelbrief.com\/artikel\/2020\/remdesivir-leitlinie-zum-klinischen-einsatz-bei-an-covid-19-erkrankten-und-neue-studienergebnisse-bei-moderat-erkrankten"},"modified":"2020-10-01T12:02:00","modified_gmt":"2020-10-01T10:02:00","slug":"remdesivir-leitlinie-zum-klinischen-einsatz-bei-an-covid-19-erkrankten-und-neue-studienergebnisse-bei-moderat-erkrankten","status":"publish","type":"post","link":"https:\/\/der-arzneimittelbrief.com\/artikel\/2020\/remdesivir-leitlinie-zum-klinischen-einsatz-bei-an-covid-19-erkrankten-und-neue-studienergebnisse-bei-moderat-erkrankten","title":{"rendered":"Remdesivir: Leitlinie zum klinischen Einsatz bei an COVID-19 Erkrankten und neue Studienergebnisse bei moderat Erkrankten"},"content":{"rendered":"<p>Wir haben ausf\u00fchrlich \u00fcber die ersten Studien zu Remdesivir berichtet, diesem von gro\u00dfer Hoffnung begleiteten antiviralen Wirkstoff in der Behandlung von SARS-CoV-2-infizierten Patienten. Remdesivir erhielt im M\u00e4rz 2020 in den USA von der Food and Drug Administration eine \u201eEmergency Use Autorization\u201c (EUA) und wurde Anfang Juli von der Europ\u00e4ischen Arzneimittel-Agentur (EMA) bedingt zugelassen (1, 2). [&hellip;]<\/p>\n","protected":false},"excerpt":{"rendered":"<p>Wir haben ausf\u00fchrlich \u00fcber die ersten Studien zu Remdesivir berichtet, diesem von gro\u00dfer Hoffnung begleiteten antiviralen Wirkstoff in der Behandlung von SARS-CoV-2-infizierten Patienten. Remdesivir erhielt im M\u00e4rz 2020 in den USA von der Food and Drug Administration eine \u201eEmergency Use Autorization\u201c (EUA) und wurde Anfang Juli von der Europ\u00e4ischen Arzneimittel-Agentur (EMA) bedingt zugelassen (1, 2). [&hellip;]<\/p>\n","protected":false},"author":1,"featured_media":0,"comment_status":"closed","ping_status":"closed","sticky":false,"template":"","format":"standard","meta":{"footnotes":""},"categories":[1],"tags":[5389,5340,5339,5360,5338],"class_list":["post-2779","post","type-post","status-publish","format-standard","hentry","category-allgemein","tag-actt-1-studie","tag-coronavirus","tag-covid-19","tag-remdesivir","tag-sars-cov-2"],"_links":{"self":[{"href":"https:\/\/der-arzneimittelbrief.com\/api\/wp\/v2\/posts\/2779","targetHints":{"allow":["GET"]}}],"collection":[{"href":"https:\/\/der-arzneimittelbrief.com\/api\/wp\/v2\/posts"}],"about":[{"href":"https:\/\/der-arzneimittelbrief.com\/api\/wp\/v2\/types\/post"}],"author":[{"embeddable":true,"href":"https:\/\/der-arzneimittelbrief.com\/api\/wp\/v2\/users\/1"}],"replies":[{"embeddable":true,"href":"https:\/\/der-arzneimittelbrief.com\/api\/wp\/v2\/comments?post=2779"}],"version-history":[{"count":0,"href":"https:\/\/der-arzneimittelbrief.com\/api\/wp\/v2\/posts\/2779\/revisions"}],"wp:attachment":[{"href":"https:\/\/der-arzneimittelbrief.com\/api\/wp\/v2\/media?parent=2779"}],"wp:term":[{"taxonomy":"category","embeddable":true,"href":"https:\/\/der-arzneimittelbrief.com\/api\/wp\/v2\/categories?post=2779"},{"taxonomy":"post_tag","embeddable":true,"href":"https:\/\/der-arzneimittelbrief.com\/api\/wp\/v2\/tags?post=2779"}],"curies":[{"name":"wp","href":"https:\/\/api.w.org\/{rel}","templated":true}]}}