{"id":34984,"date":"2024-03-19T12:02:13","date_gmt":"2024-03-19T11:02:13","guid":{"rendered":"https:\/\/der-arzneimittelbrief.com\/?p=34984"},"modified":"2024-03-13T11:39:58","modified_gmt":"2024-03-13T10:39:58","slug":"in-eigener-sache-12","status":"publish","type":"post","link":"https:\/\/der-arzneimittelbrief.com\/artikel\/2024\/in-eigener-sache-12","title":{"rendered":"In eigener Sache"},"content":{"rendered":"<p>Der langj\u00e4hrige Mitherausgeber (seit\u00a02006) unserer Zeitschrift \u201eDER ARZNEIMITTELBRIEF\u201c und Vorsitzende der Arzneimittelkommission der deutschen \u00c4rzteschaft, Prof. Dr. med. Wolf-Dieter Ludwig, wurde im Februar vom Bundespr\u00e4sidenten mit dem Verdienstkreuz am Bande des Verdienstordens der Bundesrepublik Deutschland ausgezeichnet. Er erhielt diese hohe Ehrung f\u00fcr sein au\u00dferordentliches Engagement im Bereich unabh\u00e4ngige Informationen und Bewertung von Arzneimitteln sowie f\u00fcr [&hellip;]<\/p>\n","protected":false},"excerpt":{"rendered":"<p>Der langj\u00e4hrige Mitherausgeber (seit\u00a02006) unserer Zeitschrift \u201eDER ARZNEIMITTELBRIEF\u201c und Vorsitzende der Arzneimittelkommission der deutschen \u00c4rzteschaft, Prof. Dr. med. Wolf-Dieter Ludwig, wurde im Februar vom Bundespr\u00e4sidenten mit dem Verdienstkreuz am Bande des Verdienstordens der Bundesrepublik Deutschland ausgezeichnet. Er erhielt diese hohe Ehrung f\u00fcr sein au\u00dferordentliches Engagement im Bereich unabh\u00e4ngige Informationen und Bewertung von Arzneimitteln sowie f\u00fcr [&hellip;]<\/p>\n","protected":false},"author":3,"featured_media":0,"comment_status":"closed","ping_status":"closed","sticky":false,"template":"","format":"standard","meta":{"footnotes":""},"categories":[1],"tags":[4475],"class_list":["post-34984","post","type-post","status-publish","format-standard","hentry","category-allgemein","tag-prof-dr-w-d-ludwig"],"_links":{"self":[{"href":"https:\/\/der-arzneimittelbrief.com\/api\/wp\/v2\/posts\/34984","targetHints":{"allow":["GET"]}}],"collection":[{"href":"https:\/\/der-arzneimittelbrief.com\/api\/wp\/v2\/posts"}],"about":[{"href":"https:\/\/der-arzneimittelbrief.com\/api\/wp\/v2\/types\/post"}],"author":[{"embeddable":true,"href":"https:\/\/der-arzneimittelbrief.com\/api\/wp\/v2\/users\/3"}],"replies":[{"embeddable":true,"href":"https:\/\/der-arzneimittelbrief.com\/api\/wp\/v2\/comments?post=34984"}],"version-history":[{"count":0,"href":"https:\/\/der-arzneimittelbrief.com\/api\/wp\/v2\/posts\/34984\/revisions"}],"wp:attachment":[{"href":"https:\/\/der-arzneimittelbrief.com\/api\/wp\/v2\/media?parent=34984"}],"wp:term":[{"taxonomy":"category","embeddable":true,"href":"https:\/\/der-arzneimittelbrief.com\/api\/wp\/v2\/categories?post=34984"},{"taxonomy":"post_tag","embeddable":true,"href":"https:\/\/der-arzneimittelbrief.com\/api\/wp\/v2\/tags?post=34984"}],"curies":[{"name":"wp","href":"https:\/\/api.w.org\/{rel}","templated":true}]}}